[{"@context":"https:\/\/schema.org\/","@type":"Article","@id":"https:\/\/www.mkdcb.cz\/kreta-perla-stredomori\/#Article","mainEntityOfPage":"https:\/\/www.mkdcb.cz\/kreta-perla-stredomori\/","headline":"Kr\u00e9ta \u2013 perla St\u0159edomo\u0159\u00ed","name":"Kr\u00e9ta \u2013 perla St\u0159edomo\u0159\u00ed","description":"Chcete-li tento nejv\u011bt\u0161\u00ed \u0159eck\u00fd ostrov procestovat, m\u00e1te mo\u017enost pronajmout si auto. Povrch Kr\u00e9ty je v\u0161ak hornat\u00fd a netroufnete-li si jezdit sami vyp\u016fj\u010den\u00fdm vozem po horsk\u00fdch silni\u010dk\u00e1ch nebo se v\u00e1m cena za pron\u00e1jem zd\u00e1 p\u0159\u00edli\u0161 vysok\u00e1, je mo\u017en\u00e9 pohodln\u011b, levn\u011b a bezpe\u010dn\u011b cestovat klimatizovan\u00fdm autobusem. Silni\u010dn\u00ed s\u00ed\u0165 je pom\u011brn\u011b hust\u00e1 a autobusy stav\u00ed i v\u00a0mal\u00fdch vesni\u010dk\u00e1ch. [&hellip;]","datePublished":"2019-06-08","dateModified":"2023-04-29","author":{"@type":"Person","@id":"https:\/\/www.mkdcb.cz\/author\/#Person","name":"mkdcb.cz\n","url":"https:\/\/www.mkdcb.cz\/author\/","identifier":1,"image":{"@type":"ImageObject","@id":"https:\/\/secure.gravatar.com\/avatar\/f7320ca526354d2794ceb75173050bfa147af8617816df401a16569341b5fbaf?s=96&d=mm&r=g","url":"https:\/\/secure.gravatar.com\/avatar\/f7320ca526354d2794ceb75173050bfa147af8617816df401a16569341b5fbaf?s=96&d=mm&r=g","height":96,"width":96}},"publisher":{"@type":"Organization","name":"mkdcb.cz","logo":{"@type":"ImageObject","@id":"\/logo.png","url":"\/logo.png","width":600,"height":60}},"image":{"@type":"ImageObject","@id":"https:\/\/www.mkdcb.cz\/wp-content\/uploads\/img_a346185_w2052_t1560083508.jpg","url":"https:\/\/www.mkdcb.cz\/wp-content\/uploads\/img_a346185_w2052_t1560083508.jpg","height":0,"width":0},"url":"https:\/\/www.mkdcb.cz\/kreta-perla-stredomori\/","about":["Cestov\u00e1n\u00ed"],"wordCount":427,"articleBody":"Chcete-li tento nejv\u011bt\u0161\u00ed \u0159eck\u00fd ostrov procestovat, m\u00e1te mo\u017enost pronajmout si auto. Povrch Kr\u00e9ty je v\u0161ak hornat\u00fd a netroufnete-li si jezdit sami vyp\u016fj\u010den\u00fdm vozem po horsk\u00fdch silni\u010dk\u00e1ch nebo se v\u00e1m cena za pron\u00e1jem zd\u00e1 p\u0159\u00edli\u0161 vysok\u00e1, je mo\u017en\u00e9 pohodln\u011b, levn\u011b a bezpe\u010dn\u011b cestovat klimatizovan\u00fdm autobusem. Silni\u010dn\u00ed s\u00ed\u0165 je pom\u011brn\u011b hust\u00e1 a autobusy stav\u00ed i v\u00a0mal\u00fdch vesni\u010dk\u00e1ch.\tZ\u00e1padn\u00ed \u010d\u00e1st Kr\u00e9ty je bohat\u0161\u00ed na sr\u00e1\u017eky a py\u0161n\u00ed se bujn\u011bj\u0161\u00ed subtropickou vegetac\u00ed. Tato nejzelen\u011bj\u0161\u00ed a nej\u00farodn\u011bj\u0161\u00ed lokalita je turisticky velmi p\u0159ita\u017eliv\u00e1.\u00a0 V\u00a0oblasti okolo m\u011bsta Chania se nach\u00e1zej\u00ed skvostn\u00e9 p\u00eds\u010dit\u00e9 pl\u00e1\u017ee, kter\u00e9 stoj\u00ed za to nav\u0161t\u00edvit: okouzluj\u00edc\u00ed Balos s\u00a0m\u011blkou lagunou nab\u00edzej\u00edc\u00ed v\u00fdhled na ostr\u016fvek Gramvousa, proslul\u00e1 Elafonisi s\u00a0nar\u016f\u017eov\u011bl\u00fdm p\u00edskem le\u017e\u00edc\u00ed na spojen\u00ed pevniny se stejnojmenn\u00fdm ostr\u016fvkem. Falassarna, kter\u00e1 pat\u0159\u00ed k\u00a0nejkr\u00e1sn\u011bj\u0161\u00edm \u0159eck\u00fdm pl\u00e1\u017e\u00edm, je tak rozs\u00e1hl\u00e1, \u017ee nikdy nen\u00ed p\u0159elidn\u011bn\u00e1. Trochu stranou turistick\u00e9ho ruchu le\u017e\u00ed poklidn\u00e1 pl\u00e1\u017e Kedrodasos s\u00a0b\u00edl\u00fdm p\u00edskem, cedry a nudisty.\tVe vnitrozem\u00ed v\u00a0regionu Chania se nach\u00e1z\u00ed poho\u0159\u00ed Lefka Ori s\u00a0n\u00e1rodn\u00edm parkem Samaria, kde se vyskytuje \u0159ada jedine\u010dn\u00fdch \u017eivo\u010di\u0161n\u00fdch a rostlinn\u00fdch druh\u016f. N\u00e1zev B\u00edl\u00e9 hory (Lefka Ori) poch\u00e1z\u00ed od b\u011blostn\u00e9ho\u00a0v\u00e1pencov\u00e9ho masivu, kter\u00fdm je tvo\u0159en. Uprost\u0159ed t\u00e9to n\u00e1dhern\u00e9 p\u0159\u00edrody se nach\u00e1z\u00ed nejdel\u0161\u00ed evropsk\u00e1 sout\u011bska Samaria.\tPokud se zaj\u00edm\u00e1te o stavebn\u00ed pam\u00e1tky, ur\u010dit\u011b nevynech\u00e1te n\u00e1v\u0161t\u011bvu m\u011bst Rethymno a Chania. Ben\u00e1tsk\u00e1 pevnost s\u00a0tureck\u00fdmi prvky str\u00e1\u017e\u00ed dodnes oba p\u0159\u00edstavy s impozantn\u00edmi maj\u00e1ky. P\u016fvabn\u00e9 k\u0159ivolak\u00e9 uli\u010dky starobyl\u00e9ho m\u011bsta nab\u00eddnou fotograficky p\u0159ita\u017eliv\u00e1 z\u00e1kout\u00ed, k\u0159es\u0165ansk\u00e9 kostely i pam\u00e1tky na tureckou nadvl\u00e1du v\u00a0podob\u011b me\u0161it. Atmosf\u00e9ru ben\u00e1tsk\u00e9ho p\u0159\u00edstavu dopl\u0148uj\u00ed renesan\u010dn\u00ed ben\u00e1tsk\u00e9 domy a st\u0159edov\u011bk\u00e9\u00a0ka\u0161ny v\u00a0historick\u00e9m centru.\t\tKr\u00e9ta je n\u00e1dhern\u00fd st\u0159edomo\u0159sk\u00fd ostrov s\u00a0nejteplej\u0161\u00edm po\u010das\u00edm v cel\u00e9m\u00a0\u0158ecku. Ide\u00e1ln\u00edm obdob\u00edm pro cestov\u00e1n\u00ed je proto pozdn\u00ed jaro nebo \u010dasn\u00fd podzim, kdy teploty nejsou tak vysok\u00e9 jako v\u00a0l\u00e9t\u011b, ale slunce je\u0161t\u011b sv\u00edt\u00ed dostate\u010dn\u011b dlouho.                                                                                                                                                                                                                                                                                                                                                                                        4.2\/5 - (8 votes)        "},{"@context":"https:\/\/schema.org\/","@type":"BreadcrumbList","itemListElement":[{"@type":"ListItem","position":1,"name":"Kr\u00e9ta \u2013 perla St\u0159edomo\u0159\u00ed","item":"https:\/\/www.mkdcb.cz\/kreta-perla-stredomori\/#breadcrumbitem"}]}]